{"id":1731,"date":"2012-06-16T12:22:51","date_gmt":"2012-06-16T11:22:51","guid":{"rendered":"http:\/\/www.chambrenoire.fr\/wordpress\/?p=1731"},"modified":"2018-03-30T17:55:21","modified_gmt":"2018-03-30T16:55:21","slug":"reves","status":"publish","type":"post","link":"https:\/\/www.chambrenoire.fr\/wordpress\/2012\/reves\/","title":{"rendered":"R\u00eaves"},"content":{"rendered":"<p>Une de mes photos a \u00e9t\u00e9 s\u00e9lectionn\u00e9e par une troupe de th\u00e9\u00e2tre de Montr\u00e9al \u00a0pour illustrer l&rsquo;affiche d&rsquo;une reprise de la pi\u00e8ce \u00ab\u00a0R\u00eaves de\u00a0Wajdi Mouawad.<\/p>\n<p>Voici le sujet : Willem, un jeune \u00e9crivain pouss\u00e9 par ses pulsions cr\u00e9atrices, se r\u00e9fugie dans une chambre d\u2019h\u00f4tel afin d\u2019\u00e9crire toute la nuit. Cependant, il est incapable d\u2019\u00e9crire. Au fil de la nuit, des \u00eatres invisibles entrent dans la chambre afin de raconter l\u2019histoire de l\u2019homme qui marche vers la mer. Ces \u00eatres vont nourrir l\u2019imaginaire de Willem et celui-ci finira le roman au bout de la nuit.<\/p>\n<p><strong>Mise en sc\u00e8ne <\/strong>Ma\u00efna L\u2019h\u00e9v\u00e9der<strong><br \/>\nLumi\u00e8re et son<\/strong>\u00a0Julie Basse et Chlo\u00e9 Ekker<br \/>\n<strong>D\u00e9cors<\/strong>\u00a0Ma\u00efna L\u2019h\u00e9v\u00e9der &amp; co<br \/>\n<strong>Costumes<\/strong>\u00a0M\u00e9lissa Giroux et Ma\u00efna L\u2019h\u00e9v\u00e9der<br \/>\n<strong>Coiffures<\/strong>\u00a0Ghislaine Sant et Jean Scarabin<br \/>\n<strong>Maquillages<\/strong>\u00a0Rachel Gauthier et Annie Brideau<br \/>\n<strong>Affiche<\/strong>\u00a0Ma\u00efna L\u2019h\u00e9v\u00e9der<br \/>\n<strong>Photo<\/strong>\u00a0Patrick Dagonnot<\/p>\n<p>Plus d&rsquo;infos <a href=\"http:\/\/www.exclamateurs.org\/reves.html\" target=\"_blank\">ici<\/a><\/p>\n","protected":false},"excerpt":{"rendered":"<p>Une de mes photos a \u00e9t\u00e9 s\u00e9lectionn\u00e9e par une troupe de th\u00e9\u00e2tre de Montr\u00e9al \u00a0pour illustrer l&rsquo;affiche d&rsquo;une reprise de la pi\u00e8ce \u00ab\u00a0R\u00eaves de\u00a0Wajdi Mouawad. Voici le sujet : Willem, un jeune \u00e9crivain pouss\u00e9 par ses pulsions cr\u00e9atrices, se r\u00e9fugie dans une chambre d\u2019h\u00f4tel afin d\u2019\u00e9crire toute la nuit. Cependant, il est incapable d\u2019\u00e9crire. Au [&hellip;]<\/p>\n","protected":false},"author":1,"featured_media":1732,"comment_status":"open","ping_status":"open","sticky":false,"template":"","format":"standard","meta":{"ngg_post_thumbnail":0,"footnotes":""},"categories":[43],"tags":[],"_links":{"self":[{"href":"https:\/\/www.chambrenoire.fr\/wordpress\/wp-json\/wp\/v2\/posts\/1731"}],"collection":[{"href":"https:\/\/www.chambrenoire.fr\/wordpress\/wp-json\/wp\/v2\/posts"}],"about":[{"href":"https:\/\/www.chambrenoire.fr\/wordpress\/wp-json\/wp\/v2\/types\/post"}],"author":[{"embeddable":true,"href":"https:\/\/www.chambrenoire.fr\/wordpress\/wp-json\/wp\/v2\/users\/1"}],"replies":[{"embeddable":true,"href":"https:\/\/www.chambrenoire.fr\/wordpress\/wp-json\/wp\/v2\/comments?post=1731"}],"version-history":[{"count":4,"href":"https:\/\/www.chambrenoire.fr\/wordpress\/wp-json\/wp\/v2\/posts\/1731\/revisions"}],"predecessor-version":[{"id":2300,"href":"https:\/\/www.chambrenoire.fr\/wordpress\/wp-json\/wp\/v2\/posts\/1731\/revisions\/2300"}],"wp:featuredmedia":[{"embeddable":true,"href":"https:\/\/www.chambrenoire.fr\/wordpress\/wp-json\/wp\/v2\/media\/1732"}],"wp:attachment":[{"href":"https:\/\/www.chambrenoire.fr\/wordpress\/wp-json\/wp\/v2\/media?parent=1731"}],"wp:term":[{"taxonomy":"category","embeddable":true,"href":"https:\/\/www.chambrenoire.fr\/wordpress\/wp-json\/wp\/v2\/categories?post=1731"},{"taxonomy":"post_tag","embeddable":true,"href":"https:\/\/www.chambrenoire.fr\/wordpress\/wp-json\/wp\/v2\/tags?post=1731"}],"curies":[{"name":"wp","href":"https:\/\/api.w.org\/{rel}","templated":true}]}}